{"id":270,"date":"2010-09-16T17:19:04","date_gmt":"2010-09-16T16:19:04","guid":{"rendered":"http:\/\/www.oscar-web.eu\/blog\/?p=270"},"modified":"2010-09-16T17:19:04","modified_gmt":"2010-09-16T16:19:04","slug":"libros-de-texto-para-los-ciclos-formativos-de-grado-superior-delineante","status":"publish","type":"post","link":"http:\/\/www.oscar-web.eu\/blog\/?p=270","title":{"rendered":"libros de texto para los ciclos formativos de grado superior (delineante)"},"content":{"rendered":"<table border=\"0\" cellspacing=\"0\" cellpadding=\"0\" width=\"100%\">\n<tbody>\n<tr>\n<td colspan=\"5\" align=\"center\">\n<h2><span class=\"Estilo1\">Libros de texto para Ciclos Formativos de Grado Superior de Formaci\u00f3n Profesional :<\/span><\/h2>\n<\/td>\n<\/tr>\n<tr>\n<td>\u00a0<\/td>\n<td>\u00a0<\/td>\n<td>\u00a0<\/td>\n<td>\u00a0<\/td>\n<td>\u00a0<\/td>\n<\/tr>\n<tr>\n<td>\u00a0<\/td>\n<td valign=\"top\" bgcolor=\"#ffffff\">\n<table border=\"0\" cellspacing=\"4\" cellpadding=\"0\" width=\"100%\" bgcolor=\"#ffffff\">\n<tbody>\n<tr>\n<td valign=\"top\"><a href=\"http:\/\/www.casadellibro.com\/homeAfiliado?ca=6904&amp;isbn=9788466570596\"><img decoding=\"async\" style=\"border: 0px;\" src=\"http:\/\/delineacion.org\/img\/8466570594+.jpg\" border=\"0\" alt=\"trabajos de campo y gabinete\" \/><\/a><\/td>\n<td>\u00a0<\/td>\n<td valign=\"top\"><a href=\"http:\/\/www.casadellibro.com\/homeAfiliado?ca=6904&amp;isbn=9788466570596\" target=\"_self\">TOPOGRAFIA: TRABAJO DE CAMPO Y GABINETE<\/a>\u00a0<\/p>\n<p class=\"texto_principal\">19.50\u20ac<\/p>\n<\/td>\n<\/tr>\n<tr>\n<td>\u00a0<\/td>\n<td>\u00a0<\/td>\n<td>\u00a0<\/td>\n<\/tr>\n<tr>\n<td class=\"pequeno\" colspan=\"3\">de VV.AA. S.L.<br \/>\nEDITORIAL MAD<br \/>\nLengua: CASTELLANO<br \/>\nEncuadernaci\u00f3n: Tapa blanda<br \/>\nISBN: 9788466570596<br \/>\nN\u00ba Edici\u00f3n:1\u00aa<br \/>\nA\u00f1o de edici\u00f3n:2007<br \/>\nPlaza edici\u00f3n: MADRID<\/td>\n<\/tr>\n<\/tbody>\n<\/table>\n<div><a title=\"Instalaciones 1\u00aaParte Nte target=\" href=\"http:\/\/librotecnico.com\/product_info.php?ref=53&amp;products_id=9788474334517&amp;affiliate_banner_id=1\" target=\"_self\"><\/a><\/div>\n<p><a title=\"Instalaciones 1\u00aaParte Nte target=\" href=\"http:\/\/librotecnico.com\/product_info.php?ref=53&amp;products_id=9788474334517&amp;affiliate_banner_id=1\" target=\"_self\">\u00a0<\/p>\n<p><\/a><\/td>\n<td>\u00a0<\/td>\n<td valign=\"top\" bgcolor=\"#ffffff\">\n<table border=\"0\" cellspacing=\"4\" cellpadding=\"0\" width=\"100%\" bgcolor=\"#ffffff\">\n<tbody>\n<tr>\n<td valign=\"top\"><a href=\"http:\/\/www.casadellibro.com\/homeAfiliado?ca=6904&amp;isbn=9788493507985\"><img decoding=\"async\" style=\"border: 0px;\" src=\"http:\/\/delineacion.org\/img\/070922100919.JPG\" border=\"0\" alt=\"introduccion a los proyectos construccion\" \/><\/a><\/td>\n<td>\u00a0<\/td>\n<td valign=\"top\"><a href=\"http:\/\/www.casadellibro.com\/homeAfiliado?ca=6904&amp;isbn=9788493507985\" target=\"_self\">INTRODUCCION BASICA A LOS PROYECTOS DE CONSTRUCCION(2 VOLS + CD)<\/p>\n<p><\/a><\/p>\n<p class=\"texto_principal\">50.99\u20ac<\/p>\n<\/td>\n<\/tr>\n<tr>\n<td>\u00a0<\/td>\n<td>\u00a0<\/td>\n<td>\u00a0<\/td>\n<\/tr>\n<tr>\n<td class=\"pequeno\" colspan=\"3\">de ARACIL SANUS, JORGE y BELDA FUERO, MIGUEL y VERA CUCO, NEUS INTER TECNICA S.L.Lengua: CASTELLANO<br \/>\nEncuadernaci\u00f3n: Tapa blanda<br \/>\nISBN: 9788493507985<br \/>\nN\u00ba Edici\u00f3n:1\u00aa<br \/>\nA\u00f1o de edici\u00f3n:2008<br \/>\nPlaza edici\u00f3n: VALENCIA<\/td>\n<\/tr>\n<\/tbody>\n<\/table>\n<\/td>\n<td>\u00a0<\/td>\n<\/tr>\n<tr>\n<td>\u00a0<\/td>\n<td>\u00a0<\/td>\n<td>\u00a0<\/td>\n<td>\u00a0<\/td>\n<td>\u00a0<\/td>\n<\/tr>\n<tr>\n<td colspan=\"5\" align=\"center\">\u00a0<\/td>\n<\/tr>\n<\/tbody>\n<\/table>\n<p>m\u00e1s libros para delineantes y CFGS en <a href=\"http:\/\/delineacion.org\/libros.php\">http:\/\/delineacion.org\/libros.php<\/a><\/p>\n<!-- AddThis Advanced Settings generic via filter on the_content --><!-- AddThis Share Buttons generic via filter on the_content -->","protected":false},"excerpt":{"rendered":"<p>Libros de texto para Ciclos Formativos de Grado Superior de Formaci\u00f3n Profesional : \u00a0 \u00a0 \u00a0 \u00a0 \u00a0 \u00a0 \u00a0 TOPOGRAFIA: TRABAJO DE CAMPO Y GABINETE\u00a0 19.50\u20ac \u00a0 \u00a0 \u00a0 de VV.AA. S.L. EDITORIAL MAD Lengua: CASTELLANO Encuadernaci\u00f3n: Tapa blanda ISBN: 9788466570596 N\u00ba Edici\u00f3n:1\u00aa A\u00f1o de edici\u00f3n:2007 Plaza edici\u00f3n: MADRID \u00a0 \u00a0 \u00a0 INTRODUCCION BASICA [&hellip;]<!-- AddThis Advanced Settings generic via filter on get_the_excerpt --><!-- AddThis Share Buttons generic via filter on get_the_excerpt --><\/p>\n","protected":false},"author":1,"featured_media":0,"comment_status":"open","ping_status":"open","sticky":false,"template":"","format":"standard","meta":{"footnotes":""},"categories":[],"tags":[235,236,470,124,229,237,233,238,240,234,239,241,242],"class_list":["post-270","post","type-post","status-publish","format-standard","hentry","tag-cfgs","tag-ciclo","tag-foros","tag-delineante","tag-formacion","tag-formativo","tag-fp","tag-grado","tag-modulo","tag-profesional","tag-superior","tag-tsdapc","tag-tsoc"],"_links":{"self":[{"href":"http:\/\/www.oscar-web.eu\/blog\/index.php?rest_route=\/wp\/v2\/posts\/270","targetHints":{"allow":["GET"]}}],"collection":[{"href":"http:\/\/www.oscar-web.eu\/blog\/index.php?rest_route=\/wp\/v2\/posts"}],"about":[{"href":"http:\/\/www.oscar-web.eu\/blog\/index.php?rest_route=\/wp\/v2\/types\/post"}],"author":[{"embeddable":true,"href":"http:\/\/www.oscar-web.eu\/blog\/index.php?rest_route=\/wp\/v2\/users\/1"}],"replies":[{"embeddable":true,"href":"http:\/\/www.oscar-web.eu\/blog\/index.php?rest_route=%2Fwp%2Fv2%2Fcomments&post=270"}],"version-history":[{"count":1,"href":"http:\/\/www.oscar-web.eu\/blog\/index.php?rest_route=\/wp\/v2\/posts\/270\/revisions"}],"predecessor-version":[{"id":271,"href":"http:\/\/www.oscar-web.eu\/blog\/index.php?rest_route=\/wp\/v2\/posts\/270\/revisions\/271"}],"wp:attachment":[{"href":"http:\/\/www.oscar-web.eu\/blog\/index.php?rest_route=%2Fwp%2Fv2%2Fmedia&parent=270"}],"wp:term":[{"taxonomy":"category","embeddable":true,"href":"http:\/\/www.oscar-web.eu\/blog\/index.php?rest_route=%2Fwp%2Fv2%2Fcategories&post=270"},{"taxonomy":"post_tag","embeddable":true,"href":"http:\/\/www.oscar-web.eu\/blog\/index.php?rest_route=%2Fwp%2Fv2%2Ftags&post=270"}],"curies":[{"name":"wp","href":"https:\/\/api.w.org\/{rel}","templated":true}]}}