{"id":328,"date":"2011-07-10T21:16:05","date_gmt":"2011-07-10T20:16:05","guid":{"rendered":"http:\/\/www.oscar-web.eu\/blog\/?p=328"},"modified":"2011-07-10T21:16:05","modified_gmt":"2011-07-10T20:16:05","slug":"comunicado-de-salvem-el-cabanyal-sobre-la-sentencia-del-ts","status":"publish","type":"post","link":"http:\/\/www.oscar-web.eu\/blog\/?p=328","title":{"rendered":"Comunicado de Salvem el Cabanyal sobre la sentencia del TS"},"content":{"rendered":"<p><span><\/p>\n<h1 class=\"entry-title\"><a rel=\"bookmark\" href=\"http:\/\/www.cabanyal.com\/nou\/2011\/07\/10\/el-suprem-demostra-que-el-veinat-que-defensa-una-rehabilitacio-sense-destruccio-tenia-rao-al-oposar-se-als-enderrocs-al-abril-del-2010\/?lang=es\">El Supremo demuestra que los vecinos que defienden una rehabilitaci\u00f3n sin destrucci\u00f3n ten\u00edan raz\u00f3n al oponerse a los derribos en abril de 2010<\/a><\/h1>\n<p><\/span><span><\/p>\n<ul>\n<li>El 06 de abril de 2010: Enviar las m\u00e1quinas por derribar casas al Caba\u00f1al y la actuaci\u00f3n de la polic\u00eda fue una temeridad y una arbitrariedad. Los responsables m\u00e1ximos y primeros de los desgraciados hechos no es otro qu\u00e9 la actitud radical y absoluta del gobierno municipal.<\/li>\n<li>El 06 de abril de 2010: La vecindad defendi\u00f3 el Estado de Derecho y el ayuntamiento de Valencia un fraude.<\/li>\n<\/ul>\n<p>Una vez m\u00e1s desde la Plataforma Salvem\u00a0El Cabanyal Canyamelar\u00a0queremos\u00a0manifestar que la soluci\u00f3n al problema creado\u3000por un proyecto antiguo y desfasado no es otra que el consenso y la rehabilitaci\u00f3n sin destrucci\u00f3n. Las nuevas tendencias\u00a0marcan\u00a0el camino de la conservaci\u00f3n del\u00a0patrimonio m\u00e1s\u00a0la recuperaci\u00f3n de la identidad m\u00e1s la diferencia como valor a\u00f1adido. Todo esto\u00a0solo\u00a0es posible con la rehabilitaci\u00f3n sin destrucci\u00f3n.<\/p>\n<p>EL Ayuntamiento de Valencia no puede seguir poniendo impedimentos al crecimiento social y econ\u00f3mico del barrio del Cabanyal \u2013 Canyamelar, el ayuntamiento no\u00a0debe,\u00a0ni puede, seguir negando licencias de obra ni de abertura de nuevas empresas.\u00a0El ayuntamiento est\u00e1 para dinamizar la transformaci\u00f3n social y econ\u00f3mica no para impedirla con sus decisiones.<\/p>\n<p>El gobierno municipal\u3000de Valencia no est\u00e1 por crear puestos de trabajo en el barrio y\u00a0en el momento actual,\u00a0es\u00a0lo peor que le se puede decir a unos dirigentes pol\u00edticos\u00a0que administran\u00a0la ciudad,\u00a0la primera preocupaci\u00f3n de la ciudadan\u00eda es el paro, bien el Partido Popular tiene en su mano la posibilidad de activar un barrio y atraer inversiones del gobierno central, \u00bfpor qu\u00e9 no lo hace?\u00a0La respuesta la entendemos f\u00e1cil: su primer inter\u00e9s no es el inter\u00e9s general.<\/p>\n<p><\/span><\/p>\n<!-- AddThis Advanced Settings generic via filter on the_content --><!-- AddThis Share Buttons generic via filter on the_content -->","protected":false},"excerpt":{"rendered":"<p>El Supremo demuestra que los vecinos que defienden una rehabilitaci\u00f3n sin destrucci\u00f3n ten\u00edan raz\u00f3n al oponerse a los derribos en abril de 2010 El 06 de abril de 2010: Enviar las m\u00e1quinas por derribar casas al Caba\u00f1al y la actuaci\u00f3n de la polic\u00eda fue una temeridad y una arbitrariedad. Los responsables m\u00e1ximos y primeros de [&hellip;]<!-- AddThis Advanced Settings generic via filter on get_the_excerpt --><!-- AddThis Share Buttons generic via filter on get_the_excerpt --><\/p>\n","protected":false},"author":1,"featured_media":0,"comment_status":"open","ping_status":"open","sticky":false,"template":"","format":"standard","meta":{"footnotes":""},"categories":[4],"tags":[303,107,304,302,305,306,307,104],"class_list":["post-328","post","type-post","status-publish","format-standard","hentry","category-cajon-desastre","tag-ayuntamiento","tag-cabanyal","tag-policia","tag-salvem","tag-sentencia","tag-supremo","tag-tribunal","tag-valencia"],"_links":{"self":[{"href":"http:\/\/www.oscar-web.eu\/blog\/index.php?rest_route=\/wp\/v2\/posts\/328","targetHints":{"allow":["GET"]}}],"collection":[{"href":"http:\/\/www.oscar-web.eu\/blog\/index.php?rest_route=\/wp\/v2\/posts"}],"about":[{"href":"http:\/\/www.oscar-web.eu\/blog\/index.php?rest_route=\/wp\/v2\/types\/post"}],"author":[{"embeddable":true,"href":"http:\/\/www.oscar-web.eu\/blog\/index.php?rest_route=\/wp\/v2\/users\/1"}],"replies":[{"embeddable":true,"href":"http:\/\/www.oscar-web.eu\/blog\/index.php?rest_route=%2Fwp%2Fv2%2Fcomments&post=328"}],"version-history":[{"count":1,"href":"http:\/\/www.oscar-web.eu\/blog\/index.php?rest_route=\/wp\/v2\/posts\/328\/revisions"}],"predecessor-version":[{"id":329,"href":"http:\/\/www.oscar-web.eu\/blog\/index.php?rest_route=\/wp\/v2\/posts\/328\/revisions\/329"}],"wp:attachment":[{"href":"http:\/\/www.oscar-web.eu\/blog\/index.php?rest_route=%2Fwp%2Fv2%2Fmedia&parent=328"}],"wp:term":[{"taxonomy":"category","embeddable":true,"href":"http:\/\/www.oscar-web.eu\/blog\/index.php?rest_route=%2Fwp%2Fv2%2Fcategories&post=328"},{"taxonomy":"post_tag","embeddable":true,"href":"http:\/\/www.oscar-web.eu\/blog\/index.php?rest_route=%2Fwp%2Fv2%2Ftags&post=328"}],"curies":[{"name":"wp","href":"https:\/\/api.w.org\/{rel}","templated":true}]}}