{"id":431,"date":"2012-10-22T08:48:53","date_gmt":"2012-10-22T07:48:53","guid":{"rendered":"http:\/\/www.oscar-web.eu\/blog\/?p=431"},"modified":"2012-10-22T08:50:28","modified_gmt":"2012-10-22T07:50:28","slug":"xxi-jornades-habitar-valencia-del-5-al-8-de-novembre","status":"publish","type":"post","link":"http:\/\/www.oscar-web.eu\/blog\/?p=431","title":{"rendered":"Jornades \u00abHabitar Val\u00e9ncia\u00bb. Del 5 al 8 de novembre"},"content":{"rendered":"<figure style=\"width: 536px\" class=\"wp-caption alignnone\"><img loading=\"lazy\" decoding=\"async\" title=\"XXI Jornades dels Escritors - 2012\" src=\"http:\/\/www.aellva.org\/sites\/default\/files\/HabitarVLC_1(1).jpg\" alt=\"XXI Jornades dels Escritors - 2012\" width=\"536\" height=\"709\" \/><figcaption class=\"wp-caption-text\">XXI Jornades dels Escritors - 2012<\/figcaption><\/figure>\n<p>XXI Jornades dels Escritors, en el lema <strong>\u00abHabitar Val\u00e9ncia\u00bb<\/strong>. Del 5 al 8 de novembre, tots els dies a les 19:30, en el Monasteri de Sant Miquel i els Reis (Biblioteca Valenciana). Especialistes en <strong>arquitectura<\/strong> i <strong>construcci\u00f3<\/strong> faran un recorregut hist\u00f2ric que nos portar\u00e0 des de la cova primig\u00e8nia a les construccions m\u00e9s contempor\u00e0nees.<\/p>\n<div class=\"text_exposed_show\">\n<p>M\u00e9s informaci\u00f3 en la web de l&#8217;AELLVA.<\/p>\n<p><a rel=\"nofollow nofollow\" href=\"http:\/\/www.aellva.org\/content\/xxi-jornades-dels-escritors-2012\" target=\"_blank\">http:\/\/www.aellva.org\/content\/xxi-jornades-dels-escritors-2012<\/a><\/div>\n<!-- AddThis Advanced Settings generic via filter on the_content --><!-- AddThis Share Buttons generic via filter on the_content -->","protected":false},"excerpt":{"rendered":"<p>XXI Jornades dels Escritors, en el lema \u00abHabitar Val\u00e9ncia\u00bb. Del 5 al 8 de novembre, tots els dies a les 19:30, en el Monasteri de Sant Miquel i els Reis (Biblioteca Valenciana). Especialistes en arquitectura i construcci\u00f3 faran un recorregut hist\u00f2ric que nos portar\u00e0 des de la cova primig\u00e8nia a les construccions m\u00e9s contempor\u00e0nees. M\u00e9s [&hellip;]<!-- AddThis Advanced Settings generic via filter on get_the_excerpt --><!-- AddThis Share Buttons generic via filter on get_the_excerpt --><\/p>\n","protected":false},"author":1,"featured_media":0,"comment_status":"open","ping_status":"open","sticky":false,"template":"","format":"standard","meta":{"footnotes":""},"categories":[],"tags":[471,414,470,104],"class_list":["post-431","post","type-post","status-publish","format-standard","hentry","tag-arquitectura","tag-construccio","tag-foros","tag-valencia"],"_links":{"self":[{"href":"http:\/\/www.oscar-web.eu\/blog\/index.php?rest_route=\/wp\/v2\/posts\/431","targetHints":{"allow":["GET"]}}],"collection":[{"href":"http:\/\/www.oscar-web.eu\/blog\/index.php?rest_route=\/wp\/v2\/posts"}],"about":[{"href":"http:\/\/www.oscar-web.eu\/blog\/index.php?rest_route=\/wp\/v2\/types\/post"}],"author":[{"embeddable":true,"href":"http:\/\/www.oscar-web.eu\/blog\/index.php?rest_route=\/wp\/v2\/users\/1"}],"replies":[{"embeddable":true,"href":"http:\/\/www.oscar-web.eu\/blog\/index.php?rest_route=%2Fwp%2Fv2%2Fcomments&post=431"}],"version-history":[{"count":3,"href":"http:\/\/www.oscar-web.eu\/blog\/index.php?rest_route=\/wp\/v2\/posts\/431\/revisions"}],"predecessor-version":[{"id":434,"href":"http:\/\/www.oscar-web.eu\/blog\/index.php?rest_route=\/wp\/v2\/posts\/431\/revisions\/434"}],"wp:attachment":[{"href":"http:\/\/www.oscar-web.eu\/blog\/index.php?rest_route=%2Fwp%2Fv2%2Fmedia&parent=431"}],"wp:term":[{"taxonomy":"category","embeddable":true,"href":"http:\/\/www.oscar-web.eu\/blog\/index.php?rest_route=%2Fwp%2Fv2%2Fcategories&post=431"},{"taxonomy":"post_tag","embeddable":true,"href":"http:\/\/www.oscar-web.eu\/blog\/index.php?rest_route=%2Fwp%2Fv2%2Ftags&post=431"}],"curies":[{"name":"wp","href":"https:\/\/api.w.org\/{rel}","templated":true}]}}