{"id":512,"date":"2012-11-28T22:19:50","date_gmt":"2012-11-28T21:19:50","guid":{"rendered":"http:\/\/www.oscar-web.eu\/blog\/?p=512"},"modified":"2012-11-28T22:25:23","modified_gmt":"2012-11-28T21:25:23","slug":"la-generalitat-cedera-suelo-publico-empresarial-valenciano-a-las-companias-a-coste-cero","status":"publish","type":"post","link":"http:\/\/www.oscar-web.eu\/blog\/?p=512","title":{"rendered":"La Generalitat ceder\u00e1 suelo p\u00fablico empresarial valenciano a las compa\u00f1\u00edas a coste cero"},"content":{"rendered":"<p><strong><\/strong><\/p>\n<figure style=\"width: 408px\" class=\"wp-caption alignleft\"><strong><img loading=\"lazy\" decoding=\"async\" class=\"    \" title=\"Alberto Fabra en la cumbre de la region de Sajonia\" src=\"http:\/\/www.gva.es\/contenidos\/publicados\/multimedia\/alberto_fabra_cumbre_region_sajonia_firma_convenio_1.jpg\" alt=\"Alberto Fabra en la cumbre de la region de Sajonia\" width=\"408\" height=\"256\" \/><\/strong><figcaption class=\"wp-caption-text\">Alberto Fabra en la cumbre de la region de Sajonia<\/figcaption><\/figure>\n<p><strong>Fabra anuncia una nueva f\u00f3rmula de comercializaci\u00f3n que permite la cesi\u00f3n de suelo p\u00fablico a las empresas a coste cero<\/strong><\/p>\n<p><span>El <strong>President de la Generalitat<\/strong>, Alberto Fabra, ha anunciado la aprobaci\u00f3n de una nueva f\u00f3rmula de comercializaci\u00f3n que permite la <strong>cesi\u00f3n de suelo p\u00fablico empresarial<\/strong> a las compa\u00f1\u00edas a <strong>coste cero<\/strong>. <\/span><\/p>\n<p><span>Durante su intervenci\u00f3n ante los medios de comunicaci\u00f3n, tras la reuni\u00f3n de la <strong>Cumbre Regional de Cooperaci\u00f3n Sajonia Anhalt-Comunitat Valenciana<\/strong>, el President ha asegurado que esta modalidad permite la<strong> cesi\u00f3n de terrenos por parte de la Generalitat<\/strong>, con la finalidad de que la empresa realice las construcciones, pudiendo utilizar las mismas hasta la expiraci\u00f3n del t\u00e9rmino del contrato. <\/span><\/p>\n<p><span>Al respecto, ha recordado los m\u00e1s de 4 millones de metros cuadrados disponibles de <strong>suelo industrial<\/strong> de altas prestaciones y calidad con los que cuenta la Comunitat est\u00e1n a disposici\u00f3n de los empresarios que quieran venir a instalarse y que pueden generar <strong>actividad econ\u00f3mica<\/strong> y<strong> empleo<\/strong>. Esta superficie est\u00e1 distribuida en cinco <strong>parques empresariales<\/strong> de las tres provincias. <\/span><\/p>\n<p><span>\u00abVan a contar con todo el apoyo de la Generalitat que tiene como objetivo generar el escenario adecuado para que empresas y empresarios porque invertir en la <strong>Comunitat Valenciana<\/strong> es una apuesta segura de futuro\u00bb, ha asegurado <strong>Fabra<\/strong>. <\/span><\/p>\n<p><span>Espa\u00f1a es el s\u00e9ptimo pa\u00eds de la OCDE con una legislaci\u00f3n m\u00e1s favorable a la <strong>inversi\u00f3n extranjera<\/strong> y con un r\u00e9gimen fiscal de los m\u00e1s ventajosos de Europa y que la <strong>Comunitat <\/strong>es una regi\u00f3n seria que ofrece importantes ventajas para la inversi\u00f3n extranjera y donde las <strong>empresas alemanas<\/strong> pueden encontrar grandes <strong>oportunidades de negocio<\/strong>. <\/span><\/p>\n<p><span>Adem\u00e1s, la <strong>Comunitat<\/strong> cuenta con infraestructuras de primer orden como el <strong>puerto de Valencia<\/strong>, el primero de todo el Mediterr\u00e1neo, y un sistema de innovaci\u00f3n competitivo con 14 <strong>institutos tecnol\u00f3gicos<\/strong> y 5 <strong>parques cient\u00edficos<\/strong>. <\/span><\/p>\n<p><span>Nuevo impulso a esta cooperaci\u00f3n estrat\u00e9gica <\/span><\/p>\n<p><span>El Presdient se ha referido a las \u00abbuenas relaciones\u00bb entre la <strong>Comunitat Valenciana<\/strong> y el <strong>Estado de Sajonia-Anhalt<\/strong>, que se remontan a m\u00e1s de una d\u00e9cada, en la que ambas regiones han aprovechado y combinado esfuerzos para el crecimiento mutuo. <\/span><\/p>\n<p><span>En este sentido, ha recordado que desde hace m\u00e1s de diez a\u00f1os los gobiernos de ambas regiones vienen cooperando a trav\u00e9s de proyectos europeos en \u00e1mbitos estrat\u00e9gicos como son la formaci\u00f3n, la <strong>internacionalizaci\u00f3n<\/strong>, la <strong>movilidad<\/strong> y el empleo, as\u00ed como en la <strong>gesti\u00f3n de residuos<\/strong>, la <strong>automoci\u00f3n<\/strong> y el <strong>turismo<\/strong> o la <strong>innovaci\u00f3n<\/strong>. <\/span><\/p>\n<p><span>La coyuntura actual \u00abes muy distinta\u00bb, ha destacado el <strong>President<\/strong>, pero la <strong>Comunitat<\/strong> tiene muchos aspectos positivos que generan confianza. Por ello, ha valorado encuentros como el de hoy \u00abque mejoran nuestra predisposici\u00f3n y ayudan a que aprendiendo de lo que otros hacen bien, podemos salir cuanto antes de la situaci\u00f3n de <strong>crisis<\/strong>\u00ab. <\/span><\/p>\n<p><span>Asimismo, ha explicado que la Cumbre aporta un nuevo impulso a esta cooperaci\u00f3n estrat\u00e9gica, que se ha materializado con la firma de un Memor\u00e1ndum de Entendimiento, \u00abdonde nos comprometemos a seguir trabajando y a profundizar en los aspectos que van a generar beneficios a los ciudadanos de la Comunitat y que nos permitir\u00e1n sacar el m\u00e1ximo provecho para afrontar los nuevos retos socio-econ\u00f3micos\u00bb. <\/span><\/p>\n<p><span>El President tambi\u00e9n ha informado que ambas regiones han tratado su colaboraci\u00f3n en la implantaci\u00f3n definitiva del <strong>Sistema Dual Alem\u00e1n<\/strong> de <strong>Formaci\u00f3n Profesional<\/strong> en la <strong>Comunitat<\/strong>. \u00abUn modelo para combatir el <strong>desempleo juvenil<\/strong> y ofrecer a los j\u00f3venes posibilidades reales de incorporarse al <strong>mercado laboral<\/strong> de manera <strong>estable<\/strong>, como ya ocurre en <strong>Alemania<\/strong> y cuyos datos son los mejores de Europa, pues su tasa de paro juvenil es del 8%, la m\u00e1s baja de <strong>Europa<\/strong>\u00ab. <\/span><\/p>\n<p><span>Por otra parte, el jefe del <strong>Consell<\/strong> ha indicado que la <strong>Comunitat Valenciana<\/strong> y la <strong>Regi\u00f3n de Sajonia Anhalt<\/strong> tambi\u00e9n van a abrir nuevas l\u00edneas de colaboraci\u00f3n con el objetivo de establecer <strong>sinergias positivas<\/strong> en las <strong>\u00e1reas medioambientales<\/strong>. <\/span><\/p>\n<p><span>El jefe del <strong>Consell<\/strong> ha ofrecido toda la red de <strong>recursos p\u00fablicos<\/strong> de la <strong>Generalitat<\/strong> a la regi\u00f3n de <strong>Sajonia Anhalt<\/strong> con el objetivo de explorar todas las posibilidades de<strong> cooperaci\u00f3n<\/strong> que existen. Adem\u00e1s, ha mostrado su convencimiento que de las conclusiones que se extraigan de este encuentro permitir\u00e1n definir \u00abacciones concretas de colaboraci\u00f3n y abrir nuevos caminos para el futuro\u00bb. <\/span><\/p>\n<p><span>Por \u00faltimo, Fabra ha trasladado su felicitaci\u00f3n y agradecimiento por la celebraci\u00f3n de esta primera &#8216;<em>Cumbre Regional de Cooperaci\u00f3n Sajonia-Anhalt-Comunitat Valenciana<\/em>&#8216; en la ciudad de<strong> Valencia<\/strong>, \u00abfruto de tantos a\u00f1os de trabajo conjunto y un encuentro que impulsar\u00e1 nuestro desarrollo y generar\u00e1 prosperidad y empleo para ambas regiones\u00bb. <\/span><\/p>\n<p>Fuente: <a href=\"http:\/\/www.gva.es\/es\/inicio\/area_de_prensa\/not_detalle_area_prensa?id=457376\">comunicado de prensa<\/a><\/p>\n<p><!--adsense--><\/p>\n<!-- AddThis Advanced Settings generic via filter on the_content --><!-- AddThis Share Buttons generic via filter on the_content -->","protected":false},"excerpt":{"rendered":"<p>Fabra anuncia una nueva f\u00f3rmula de comercializaci\u00f3n que permite la cesi\u00f3n de suelo p\u00fablico a las empresas a coste cero El President de la Generalitat, Alberto Fabra, ha anunciado la aprobaci\u00f3n de una nueva f\u00f3rmula de comercializaci\u00f3n que permite la cesi\u00f3n de suelo p\u00fablico empresarial a las compa\u00f1\u00edas a coste cero. Durante su intervenci\u00f3n ante [&hellip;]<!-- AddThis Advanced Settings generic via filter on get_the_excerpt --><!-- AddThis Share Buttons generic via filter on get_the_excerpt --><\/p>\n","protected":false},"author":1,"featured_media":0,"comment_status":"open","ping_status":"open","sticky":false,"template":"","format":"standard","meta":{"footnotes":""},"categories":[1],"tags":[441,33,436,440,435,438,437,439,434,104],"class_list":["post-512","post","type-post","status-publish","format-standard","hentry","category-general","tag-alemania","tag-empleo","tag-empresas","tag-fabra","tag-gratis","tag-industriales","tag-poligonos","tag-sajonia","tag-suelo","tag-valencia"],"_links":{"self":[{"href":"http:\/\/www.oscar-web.eu\/blog\/index.php?rest_route=\/wp\/v2\/posts\/512","targetHints":{"allow":["GET"]}}],"collection":[{"href":"http:\/\/www.oscar-web.eu\/blog\/index.php?rest_route=\/wp\/v2\/posts"}],"about":[{"href":"http:\/\/www.oscar-web.eu\/blog\/index.php?rest_route=\/wp\/v2\/types\/post"}],"author":[{"embeddable":true,"href":"http:\/\/www.oscar-web.eu\/blog\/index.php?rest_route=\/wp\/v2\/users\/1"}],"replies":[{"embeddable":true,"href":"http:\/\/www.oscar-web.eu\/blog\/index.php?rest_route=%2Fwp%2Fv2%2Fcomments&post=512"}],"version-history":[{"count":2,"href":"http:\/\/www.oscar-web.eu\/blog\/index.php?rest_route=\/wp\/v2\/posts\/512\/revisions"}],"predecessor-version":[{"id":514,"href":"http:\/\/www.oscar-web.eu\/blog\/index.php?rest_route=\/wp\/v2\/posts\/512\/revisions\/514"}],"wp:attachment":[{"href":"http:\/\/www.oscar-web.eu\/blog\/index.php?rest_route=%2Fwp%2Fv2%2Fmedia&parent=512"}],"wp:term":[{"taxonomy":"category","embeddable":true,"href":"http:\/\/www.oscar-web.eu\/blog\/index.php?rest_route=%2Fwp%2Fv2%2Fcategories&post=512"},{"taxonomy":"post_tag","embeddable":true,"href":"http:\/\/www.oscar-web.eu\/blog\/index.php?rest_route=%2Fwp%2Fv2%2Ftags&post=512"}],"curies":[{"name":"wp","href":"https:\/\/api.w.org\/{rel}","templated":true}]}}